{"id":1559,"date":"2021-08-26T15:45:28","date_gmt":"2021-08-26T13:45:28","guid":{"rendered":"http:\/\/lstvpuq.cluster030.hosting.ovh.net\/?p=1559"},"modified":"2021-08-26T16:05:34","modified_gmt":"2021-08-26T14:05:34","slug":"etoile-verte-michelin","status":"publish","type":"post","link":"https:\/\/www.leriche.fr\/index.php\/2021\/08\/26\/etoile-verte-michelin\/","title":{"rendered":"Etoile verte Michelin"},"content":{"rendered":"<p>[et_pb_section fb_built=\u00a0\u00bb1&Prime; custom_padding_last_edited=\u00a0\u00bbon|tablet\u00a0\u00bb admin_label=\u00a0\u00bbHeader\u00a0\u00bb _builder_version=\u00a0\u00bb4.4.3&Prime; custom_margin=\u00a0\u00bb||||false|false\u00a0\u00bb custom_padding=\u00a0\u00bb110px||180px||false|false\u00a0\u00bb custom_padding_tablet=\u00a0\u00bb50px||50px||true|false\u00a0\u00bb custom_padding_phone=\u00a0\u00bb\u00a0\u00bb locked=\u00a0\u00bboff\u00a0\u00bb global_colors_info=\u00a0\u00bb{}\u00a0\u00bb][et_pb_row column_structure=\u00a0\u00bb3_4,1_4&Prime; _builder_version=\u00a0\u00bb4.10.4&Prime; z_index=\u00a0\u00bb10&Prime; custom_padding=\u00a0\u00bb0px||0px|||\u00a0\u00bb global_colors_info=\u00a0\u00bb{}\u00a0\u00bb][et_pb_column type=\u00a0\u00bb3_4&Prime; _builder_version=\u00a0\u00bb4.10.4&Prime; background_color=\u00a0\u00bbRGBA(0,0,0,0)\u00a0\u00bb z_index=\u00a0\u00bb11&Prime; custom_padding=\u00a0\u00bb50px|179px|50px||true|false\u00a0\u00bb custom_padding_tablet=\u00a0\u00bb0px|0px|60px||false|false\u00a0\u00bb custom_padding_phone=\u00a0\u00bb\u00a0\u00bb custom_padding_last_edited=\u00a0\u00bbon|tablet\u00a0\u00bb global_colors_info=\u00a0\u00bb{}\u00a0\u00bb][et_pb_text _builder_version=\u00a0\u00bb4.10.4&Prime; _module_preset=\u00a0\u00bbdefault\u00a0\u00bb text_font=\u00a0\u00bbAbel|700|||||||\u00a0\u00bb text_text_color=\u00a0\u00bb#018394&Prime; text_font_size=\u00a0\u00bb72px\u00a0\u00bb text_line_height=\u00a0\u00bb1em\u00a0\u00bb custom_margin=\u00a0\u00bb||18px|||\u00a0\u00bb hover_enabled=\u00a0\u00bb0&Prime; global_colors_info=\u00a0\u00bb{}\u00a0\u00bb sticky_enabled=\u00a0\u00bb0&Prime;]<\/p>\n<p>Le chef S\u00e9bastien Rath enrichit son palmar\u00e8s<\/p>\n<p>[\/et_pb_text][et_pb_text _builder_version=\u00a0\u00bb4.10.4&Prime; _module_preset=\u00a0\u00bbdefault\u00a0\u00bb text_font=\u00a0\u00bbPlayfair Display|700|||||||\u00a0\u00bb text_text_color=\u00a0\u00bb#2A5E69&Prime; text_font_size=\u00a0\u00bb36px\u00a0\u00bb text_line_height=\u00a0\u00bb1.4em\u00a0\u00bb hover_enabled=\u00a0\u00bb0&Prime; global_colors_info=\u00a0\u00bb{}\u00a0\u00bb sticky_enabled=\u00a0\u00bb0&Prime;]<\/p>\n<p><span>L\u2019Etoile Verte MICHELIN distingue les \u00e9tablissements particuli\u00e8rement engag\u00e9s dans une approche durable de la gastronomie.<\/span><\/p>\n<p>[\/et_pb_text][et_pb_text _builder_version=\u00a0\u00bb4.10.4&Prime; text_font=\u00a0\u00bbPlayfair Display||||||||\u00a0\u00bb text_text_color=\u00a0\u00bb#000000&Prime; text_font_size=\u00a0\u00bb21px\u00a0\u00bb text_line_height=\u00a0\u00bb2em\u00a0\u00bb header_font=\u00a0\u00bbAbel|700|||||||\u00a0\u00bb header_text_color=\u00a0\u00bb#018394&Prime; header_font_size=\u00a0\u00bb60px\u00a0\u00bb text_orientation=\u00a0\u00bbjustified\u00a0\u00bb custom_margin=\u00a0\u00bb1px||||false|false\u00a0\u00bb custom_padding=\u00a0\u00bb|187px||222px|false|false\u00a0\u00bb hover_enabled=\u00a0\u00bb0&Prime; text_font_size_tablet=\u00a0\u00bb15px\u00a0\u00bb text_font_size_phone=\u00a0\u00bb14px\u00a0\u00bb text_font_size_last_edited=\u00a0\u00bbon|phone\u00a0\u00bb header_font_size_tablet=\u00a0\u00bb64px\u00a0\u00bb header_font_size_phone=\u00a0\u00bb40px\u00a0\u00bb header_font_size_last_edited=\u00a0\u00bbon|phone\u00a0\u00bb global_colors_info=\u00a0\u00bb{}\u00a0\u00bb sticky_enabled=\u00a0\u00bb0&Prime;]<\/p>\n<p>Le 18 janvier dernier, lors d&rsquo;une c\u00e9r\u00e9monie organis\u00e9e depuis la Tour Eiffel et retransmise sur Youtube, le prestigieux Guide Michelin a r\u00e9v\u00e9l\u00e9 son palmar\u00e8s 2021. Parmi les restaurateurs prim\u00e9s, S\u00e9bastien Rath, g\u00e9rant du Riche \u00e0 Al\u00e8s, \u00e0 qui l&rsquo;\u00c9toile verte a \u00e9t\u00e9 remise ce mardi matin.<\/p>\n<p>Attribu\u00e9e \u00e0 33 nouveaux restaurants de l&rsquo;Hexagone en janvier dernier, l&rsquo;\u00c9toile verte du Guide Michelin r\u00e9compense l&rsquo;approche durable de la gastronomie. Une d\u00e9coration obtenue par six \u00e9tablissements en Occitanie, un seul \u00e0 Al\u00e8s : le Riche, dirig\u00e9 d&rsquo;une main de ma\u00eetre par S\u00e9bastien Rath depuis un peu plus de trois ans.<\/p>\n<div>\n<div id=\"moneytagnative-\">\n<div mt-tag=\"4_93\" id=\"mt_4_93\" mt-ls=\"3607\" mt-pb=\"0\" mt-hb=\"0\"><\/div>\n<\/div>\n<\/div>\n<p>Et le moins que l&rsquo;on puisse dire, c&rsquo;est que le C\u00e9venol qui a fait ses classes au lyc\u00e9e h\u00f4telier de Saint-Jean-du-Gard ne s&rsquo;y attendait pas :\u00a0\u00ab\u00a0S&rsquo;il y a bien une cat\u00e9gorie dans laquelle je ne pensais pas gagner c&rsquo;est celle-l\u00e0\u00a0\u00bb, se marrait-il hier, lorsque l&rsquo;\u00c9toile verte lui a \u00e9t\u00e9 remise par Laurence Guyet, directrice du partenaire M\u00e9tro, en pr\u00e9sence des autorit\u00e9s de la ville.<\/p>\n<p>[\/et_pb_text][\/et_pb_column][et_pb_column type=\u00a0\u00bb1_4&Prime; _builder_version=\u00a0\u00bb4.3.4&Prime; z_index=\u00a0\u00bb10&Prime; global_colors_info=\u00a0\u00bb{}\u00a0\u00bb][et_pb_divider show_divider=\u00a0\u00bboff\u00a0\u00bb _builder_version=\u00a0\u00bb4.10.4&Prime; transform_translate_linked=\u00a0\u00bboff\u00a0\u00bb positioning=\u00a0\u00bbabsolute\u00a0\u00bb vertical_offset=\u00a0\u00bb-60px\u00a0\u00bb horizontal_offset=\u00a0\u00bb-60px\u00a0\u00bb vertical_offset_tablet=\u00a0\u00bb-4vw\u00a0\u00bb vertical_offset_phone=\u00a0\u00bb-6vw\u00a0\u00bb vertical_offset_last_edited=\u00a0\u00bboff|desktop\u00a0\u00bb horizontal_offset_tablet=\u00a0\u00bb0px\u00a0\u00bb horizontal_offset_phone=\u00a0\u00bb\u00a0\u00bb horizontal_offset_last_edited=\u00a0\u00bbon|tablet\u00a0\u00bb width=\u00a0\u00bb375px\u00a0\u00bb height=\u00a0\u00bb400px\u00a0\u00bb custom_margin=\u00a0\u00bb|||-100px|false|false\u00a0\u00bb custom_margin_tablet=\u00a0\u00bb|||-20px|false|false\u00a0\u00bb custom_margin_phone=\u00a0\u00bb\u00a0\u00bb custom_margin_last_edited=\u00a0\u00bbon|tablet\u00a0\u00bb scroll_vertical_motion_enable=\u00a0\u00bbon\u00a0\u00bb scroll_vertical_motion=\u00a0\u00bb0|70|70|100|1|0|-1&Prime; border_width_all=\u00a0\u00bb2px\u00a0\u00bb border_color_all=\u00a0\u00bb#EFBE48&Prime; global_colors_info=\u00a0\u00bb{}\u00a0\u00bb][\/et_pb_divider][et_pb_image src=\u00a0\u00bbhttps:\/\/www.leriche.fr\/wp-content\/uploads\/2021\/05\/reception-etoile-verte.png\u00a0\u00bb title_text=\u00a0\u00bbreception-etoile-verte\u00a0\u00bb show_bottom_space=\u00a0\u00bboff\u00a0\u00bb align=\u00a0\u00bbright\u00a0\u00bb _builder_version=\u00a0\u00bb4.10.4&Prime; transform_scale=\u00a0\u00bb90%|90%\u00a0\u00bb transform_translate=\u00a0\u00bb22px|22px\u00a0\u00bb transform_origin=\u00a0\u00bb52%|10%\u00a0\u00bb z_index=\u00a0\u00bb1&Prime; custom_margin=\u00a0\u00bb|||-72%|false|false\u00a0\u00bb custom_margin_tablet=\u00a0\u00bb|||0%|false|false\u00a0\u00bb custom_margin_phone=\u00a0\u00bb\u00a0\u00bb custom_margin_last_edited=\u00a0\u00bbon|tablet\u00a0\u00bb scroll_vertical_motion_enable=\u00a0\u00bbon\u00a0\u00bb scroll_vertical_motion=\u00a0\u00bb0|50|50|100|0|-0.5|-1&Prime; hover_enabled=\u00a0\u00bb0&Prime; global_colors_info=\u00a0\u00bb{}\u00a0\u00bb sticky_enabled=\u00a0\u00bb0&Prime;][\/et_pb_image][et_pb_image src=\u00a0\u00bbhttps:\/\/www.leriche.fr\/wp-content\/uploads\/2021\/05\/photo-portraitetoile-verte.jpg\u00a0\u00bb title_text=\u00a0\u00bbphoto-portrait+etoile-verte\u00a0\u00bb show_bottom_space=\u00a0\u00bboff\u00a0\u00bb align=\u00a0\u00bbright\u00a0\u00bb _builder_version=\u00a0\u00bb4.10.4&Prime; transform_scale=\u00a0\u00bb90%|90%\u00a0\u00bb transform_translate=\u00a0\u00bb22px|22px\u00a0\u00bb transform_origin=\u00a0\u00bb52%|10%\u00a0\u00bb z_index=\u00a0\u00bb1&Prime; custom_margin=\u00a0\u00bb|||-72%|false|false\u00a0\u00bb custom_margin_tablet=\u00a0\u00bb|||0%|false|false\u00a0\u00bb custom_margin_phone=\u00a0\u00bb\u00a0\u00bb custom_margin_last_edited=\u00a0\u00bbon|tablet\u00a0\u00bb scroll_vertical_motion_enable=\u00a0\u00bbon\u00a0\u00bb scroll_vertical_motion=\u00a0\u00bb0|50|50|100|0|-0.5|-1&Prime; hover_enabled=\u00a0\u00bb0&Prime; global_colors_info=\u00a0\u00bb{}\u00a0\u00bb sticky_enabled=\u00a0\u00bb0&Prime;][\/et_pb_image][\/et_pb_column][\/et_pb_row][\/et_pb_section]<\/p>\n","protected":false},"excerpt":{"rendered":"<p>Le chef S\u00e9bastien Rath enrichit son palmar\u00e8sL\u2019Etoile Verte MICHELIN distingue les \u00e9tablissements particuli\u00e8rement engag\u00e9s dans une approche durable de la gastronomie.Le 18 janvier dernier, lors d&rsquo;une c\u00e9r\u00e9monie organis\u00e9e depuis la Tour Eiffel et retransmise sur Youtube, le prestigieux Guide Michelin a r\u00e9v\u00e9l\u00e9 son palmar\u00e8s 2021. Parmi les restaurateurs prim\u00e9s, S\u00e9bastien Rath, g\u00e9rant du Riche \u00e0 [&hellip;]<\/p>\n","protected":false},"author":1,"featured_media":0,"comment_status":"open","ping_status":"open","sticky":false,"template":"","format":"standard","meta":{"_et_pb_use_builder":"on","_et_pb_old_content":"","_et_gb_content_width":"1920","spay_email":""},"categories":[13],"tags":[],"jetpack_featured_media_url":"","_links":{"self":[{"href":"https:\/\/www.leriche.fr\/index.php\/wp-json\/wp\/v2\/posts\/1559"}],"collection":[{"href":"https:\/\/www.leriche.fr\/index.php\/wp-json\/wp\/v2\/posts"}],"about":[{"href":"https:\/\/www.leriche.fr\/index.php\/wp-json\/wp\/v2\/types\/post"}],"author":[{"embeddable":true,"href":"https:\/\/www.leriche.fr\/index.php\/wp-json\/wp\/v2\/users\/1"}],"replies":[{"embeddable":true,"href":"https:\/\/www.leriche.fr\/index.php\/wp-json\/wp\/v2\/comments?post=1559"}],"version-history":[{"count":5,"href":"https:\/\/www.leriche.fr\/index.php\/wp-json\/wp\/v2\/posts\/1559\/revisions"}],"predecessor-version":[{"id":1565,"href":"https:\/\/www.leriche.fr\/index.php\/wp-json\/wp\/v2\/posts\/1559\/revisions\/1565"}],"wp:attachment":[{"href":"https:\/\/www.leriche.fr\/index.php\/wp-json\/wp\/v2\/media?parent=1559"}],"wp:term":[{"taxonomy":"category","embeddable":true,"href":"https:\/\/www.leriche.fr\/index.php\/wp-json\/wp\/v2\/categories?post=1559"},{"taxonomy":"post_tag","embeddable":true,"href":"https:\/\/www.leriche.fr\/index.php\/wp-json\/wp\/v2\/tags?post=1559"}],"curies":[{"name":"wp","href":"https:\/\/api.w.org\/{rel}","templated":true}]}}